{"id":17047,"date":"2024-02-11T05:12:57","date_gmt":"2024-02-11T04:12:57","guid":{"rendered":"https:\/\/duisburg.dakd.de\/?p=17047"},"modified":"2024-03-06T22:28:12","modified_gmt":"2024-03-06T21:28:12","slug":"die-grosse-fastenzeit-mets-pahq","status":"publish","type":"post","link":"https:\/\/duisburg.dakd.de\/am\/die-grosse-fastenzeit-mets-pahq\/","title":{"rendered":"Die Gro\u00dfe Fastenzeit &#8211; Mets Pahq"},"content":{"rendered":"<div class=\"fusion-fullwidth fullwidth-box fusion-builder-row-1 fusion-flex-container nonhundred-percent-fullwidth non-hundred-percent-height-scrolling\" style=\"--awb-border-radius-top-left:0px;--awb-border-radius-top-right:0px;--awb-border-radius-bottom-right:0px;--awb-border-radius-bottom-left:0px;--awb-flex-wrap:wrap;\" ><div class=\"fusion-builder-row fusion-row fusion-flex-align-items-flex-start fusion-flex-content-wrap\" style=\"max-width:1248px;margin-left: calc(-4% \/ 2 );margin-right: calc(-4% \/ 2 );\"><div class=\"fusion-layout-column fusion_builder_column fusion-builder-column-0 fusion_builder_column_1_1 1_1 fusion-flex-column\" style=\"--awb-bg-size:cover;--awb-width-large:100%;--awb-margin-top-large:0px;--awb-spacing-right-large:1.92%;--awb-margin-bottom-large:20px;--awb-spacing-left-large:1.92%;--awb-width-medium:100%;--awb-order-medium:0;--awb-spacing-right-medium:1.92%;--awb-spacing-left-medium:1.92%;--awb-width-small:100%;--awb-order-small:0;--awb-spacing-right-small:1.92%;--awb-spacing-left-small:1.92%;\"><div class=\"fusion-column-wrapper fusion-column-has-shadow fusion-flex-justify-content-flex-start fusion-content-layout-column\"><div class=\"fusion-image-element\" style=\"--awb-caption-title-font-family:var(--h2_typography-font-family);--awb-caption-title-font-weight:var(--h2_typography-font-weight);--awb-caption-title-font-style:var(--h2_typography-font-style);--awb-caption-title-size:var(--h2_typography-font-size);--awb-caption-title-transform:var(--h2_typography-text-transform);--awb-caption-title-line-height:var(--h2_typography-line-height);--awb-caption-title-letter-spacing:var(--h2_typography-letter-spacing);\"><span class=\"fusion-imageframe imageframe-none imageframe-1 hover-type-none\"><img decoding=\"async\" width=\"940\" height=\"788\" title=\"Die gro\u00dfe Fastenzeit\" src=\"https:\/\/duisburg.dakd.de\/wp-content\/uploads\/2022\/02\/Die-grosse-Fastenzeit.jpg\" alt class=\"img-responsive wp-image-7698\" srcset=\"https:\/\/duisburg.dakd.de\/wp-content\/uploads\/2022\/02\/Die-grosse-Fastenzeit-200x168.jpg 200w, https:\/\/duisburg.dakd.de\/wp-content\/uploads\/2022\/02\/Die-grosse-Fastenzeit-400x335.jpg 400w, https:\/\/duisburg.dakd.de\/wp-content\/uploads\/2022\/02\/Die-grosse-Fastenzeit-600x503.jpg 600w, https:\/\/duisburg.dakd.de\/wp-content\/uploads\/2022\/02\/Die-grosse-Fastenzeit-800x671.jpg 800w, https:\/\/duisburg.dakd.de\/wp-content\/uploads\/2022\/02\/Die-grosse-Fastenzeit.jpg 940w\" sizes=\"(max-width: 1024px) 100vw, (max-width: 640px) 100vw, 940px\" \/><\/span><\/div><div class=\"fusion-text fusion-text-1\" style=\"--awb-font-size:18px;--awb-text-transform:none;--awb-text-font-family:&quot;Poppins&quot;;--awb-text-font-style:normal;--awb-text-font-weight:400;\"><p style=\"text-align: justify;\">Ab dem Rosenmontag beginnt in der Armenischen Kirche die Gro\u00dfe Fastenzeit vor Ostern (arm. \u0544\u0565\u056e \u054a\u0561\u0570\u0584). Sie schlie\u00dft die Karwoche, (arm. \u0531\u0582\u0561\u0563 \u0547\u0561\u0562\u0561\u0569, \u00fcbersetzt: Gro\u00dfe Woche) ein und endet mit dem Fest der Auferstehung unseres Herrn (arm. \u0545\u0561\u0580\u0578\u0582\u0569\u056b\u0582\u0576 \u054f\u0565\u0561\u057c\u0576\u055d \u054d\u0578\u0582\u0580\u0562 \u0536\u0561\u057f\u056b\u056f).<\/p>\n<p style=\"text-align: justify;\">Beim Fasten meint die Armenische Kirche einerseits die Enthaltung von jeglichen tierischen Produkten und Erzeugnissen sowie von Vergn\u00fcgungen und anderen zeitverschwenderischen Besch\u00e4ftigungen, und andererseits das Hinwenden unserer Gedanken und des Geistes auf das Gebet, die Reue und die Bu\u00dfe, damit wir uns dadurch Gott n\u00e4hern. Im gegenteiligen Fall verliert das Fasten seine wesentliche und grunds\u00e4tzliche Bedeutung, wenn es sich nur auf die Enthaltung von tierischen Erzeugnissen beschr\u00e4nkt. Es gibt Tausende von Menschen, die sich vegetarisch ern\u00e4hren, was selbstverst\u00e4ndlich nicht bedeutet, dass sie im geistigen Sinne fasten. Das leibliche und moralische Fasten sind f\u00fcr die Armenische Kirche Bestandteile einer Art geistigen \u201eReise aus der Finsternis ins Licht\u201c.<\/p>\n<p style=\"text-align: justify;\">Das geistliche Ziel des Fastens ist die Bu\u00dfe, in anderen Worten, das Reinigen von den S\u00fcnden und die Befreiung vom Gef\u00fchl des Schuldigseins, denn die S\u00fcnde ist das h\u00f6chste B\u00f6se bei einem Einzelnen sowie in einer Gemeinschaft und das, was uns von Gott trennt. Wenn der Mensch seiner moralischen Werte beraubt wird, h\u00f6rt er auf, Mensch zu sein. Das, was uns von den anderen Gesch\u00f6pfen unterscheidet, ist nicht unser \u00e4u\u00dferliches Aussehen, sondern unser moralisches Bewusstsein, unser Gewissen und die F\u00e4higkeit, Gott kennenzulernen und sich an ihn zu wenden.<\/p>\n<p style=\"text-align: justify;\">Es muss auch erw\u00e4hnt werden, dass durch das Fasten allein keine Vergebung der S\u00fcnden erreicht wird. Gott allein ist derjenige, der uns vergibt. Das Fasten ist eine wichtige Hilfe in diesem Vergebungsprozess. Reue, Gebet und Bu\u00dfe, die Bestandteile des Fastens sein m\u00fcssen, schaffen die Grundvoraussetzungen, in denen Gottes heilende und vergebende Kraft wirkt.<\/p>\n<\/div><\/div><\/div><\/div><\/div>","protected":false},"excerpt":{"rendered":"","protected":false},"author":12,"featured_media":7698,"comment_status":"closed","ping_status":"open","sticky":false,"template":"","format":"standard","meta":{"footnotes":""},"categories":[154,217,107],"tags":[],"class_list":["post-17047","post","type-post","status-publish","format-standard","has-post-thumbnail","hentry","category-aktuell","category-allgemein","category-glaubensfragen"],"_links":{"self":[{"href":"https:\/\/duisburg.dakd.de\/am\/wp-json\/wp\/v2\/posts\/17047","targetHints":{"allow":["GET"]}}],"collection":[{"href":"https:\/\/duisburg.dakd.de\/am\/wp-json\/wp\/v2\/posts"}],"about":[{"href":"https:\/\/duisburg.dakd.de\/am\/wp-json\/wp\/v2\/types\/post"}],"author":[{"embeddable":true,"href":"https:\/\/duisburg.dakd.de\/am\/wp-json\/wp\/v2\/users\/12"}],"replies":[{"embeddable":true,"href":"https:\/\/duisburg.dakd.de\/am\/wp-json\/wp\/v2\/comments?post=17047"}],"version-history":[{"count":0,"href":"https:\/\/duisburg.dakd.de\/am\/wp-json\/wp\/v2\/posts\/17047\/revisions"}],"wp:featuredmedia":[{"embeddable":true,"href":"https:\/\/duisburg.dakd.de\/am\/wp-json\/wp\/v2\/media\/7698"}],"wp:attachment":[{"href":"https:\/\/duisburg.dakd.de\/am\/wp-json\/wp\/v2\/media?parent=17047"}],"wp:term":[{"taxonomy":"category","embeddable":true,"href":"https:\/\/duisburg.dakd.de\/am\/wp-json\/wp\/v2\/categories?post=17047"},{"taxonomy":"post_tag","embeddable":true,"href":"https:\/\/duisburg.dakd.de\/am\/wp-json\/wp\/v2\/tags?post=17047"}],"curies":[{"name":"wp","href":"https:\/\/api.w.org\/{rel}","templated":true}]}}